{"id":591,"date":"2020-09-02T09:56:23","date_gmt":"2020-09-02T07:56:23","guid":{"rendered":"http:\/\/groupecomas.com\/?p=591"},"modified":"2020-09-02T09:56:23","modified_gmt":"2020-09-02T07:56:23","slug":"pourquoi-preferer-le-bois-pour-lemballage","status":"publish","type":"post","link":"https:\/\/www.comas-emballage.fr\/?p=591","title":{"rendered":"Pourquoi pr\u00e9f\u00e9rer le bois pour l&#8217;emballage ?"},"content":{"rendered":"\n<h2 class=\"wp-block-heading\">Une mati\u00e8re renouvelable<\/h2>\n\n\n\n<p>Le bois est utilis\u00e9 depuis des millions d&rsquo;ann\u00e9es. Et il en reste toujours! C&rsquo;est donc une mati\u00e8re durable parce que renouvelable.<\/p>\n\n\n\n<figure class=\"wp-block-image size-large\"><img decoding=\"async\" src=\"https:\/\/groupecomas.com\/wp-content\/uploads\/2020\/10\/Evolution-foret-francaise-1024x1024.jpg\" alt=\"\" class=\"wp-image-666\"\/><\/figure>\n\n\n\n<p>Nous pouvons le constater gr\u00e2ce aux chiffres actuels en France : <\/p>\n\n\n\n<ul class=\"wp-block-list\"><li>La for\u00eat occupe 16,9 millions d&rsquo;hectares en France actuellement, soit 31% du territoire.<\/li><li>Les for\u00eats progressent de 85 000 hectares en moyenne par an. <\/li><\/ul>\n\n\n\n<p>Un peuplier met en moyenne 18 ans pour atteindre sa taille maximale (35-40 m\u00e8tres), c&rsquo;est donc une essence \u00e0 croissance rapide. Un populiculteur pourra donc effectuer entre trois et quatre r\u00e9coltes dans sa vie. Et, apr\u00e8s la r\u00e9colte, la replantation de peupliers est quasi syst\u00e9matique.<\/p>\n\n\n\n<p>Le bois est donc le mat\u00e9riau d&#8217;emballage le plus durable. <\/p>\n\n\n\n<hr class=\"wp-block-separator\"\/>\n\n\n\n<h2 class=\"wp-block-heading\">La meilleure empreinte Carbone<\/h2>\n\n\n\n<p>Si nous prenons par exemple, l&#8217;empreinte carbone du bois par rapport aux autres mati\u00e8res, nous constatons que le bois est de loin le plus favorable : <\/p>\n\n\n\n<div class=\"wp-block-image\"><figure class=\"aligncenter size-large is-resized\"><img loading=\"lazy\" decoding=\"async\" src=\"http:\/\/groupecomas.com\/wp-content\/uploads\/2020\/09\/Graph-empreinte-carbone-emballages.png\" alt=\"\" class=\"wp-image-610\" width=\"396\" height=\"420\"\/><\/figure><\/div>\n\n\n\n<p>Il faut \u00e9mettre en moyenne 3,5 t de carbone pour une tonne de plastique tandis que pour le bois, seulement 72 kg suffisent. Si l&rsquo;on inclut le bois et le transport, l&#8217;empreinte carbone devient n\u00e9gative ! En effet, le bois \u00ab\u00a0ing\u00e8re\u00a0\u00bb le carbone (environ 500 kg \u00e0 la tonne) et les livraisons \u00e9tant tr\u00e8s locale, les \u00e9missions en sont vraiment r\u00e9duites.<\/p>\n\n\n\n<hr class=\"wp-block-separator\"\/>\n\n\n\n<h2 class=\"wp-block-heading\">Le mat\u00e9riau le plus sain<\/h2>\n\n\n\n<p>99% des bact\u00e9ries disparaissent du bois en seulement 24 heures. Apr\u00e8s 24h de contact avec le bois, la population microbienne est divis\u00e9e par 20 voire 200 !<br>En effet, la r\u00e9duction drastique de la population microbienne apr\u00e8s 24h de contact avec la surface en bois am\u00e8ne \u00e0 diff\u00e9rentes conclusions :<\/p>\n\n\n\n<ul class=\"wp-block-list\"><li>La porosit\u00e9 du mat\u00e9riau bois serait un avantage quant \u00e0 l\u2019hygi\u00e8ne de cette surface puisqu\u2019elle \u00ab pi\u00e8gerait \u00bb les microorganismes emp\u00eachant leur survie et leur multiplication.<\/li><li>L\u2019anatomie du bois entrainerait un dess\u00e8chement des microorganismes du fait de ses propri\u00e9t\u00e9s hygroscopiques coupl\u00e9es \u00e0 l\u2019absence d\u2019apport en nutriments durant 24h.<\/li><\/ul>\n\n\n\n<p>En cons\u00e9quence, le bois est le mat\u00e9riau le plus hygi\u00e9nique, puisqu\u2019il a un taux de transfert de microorganismes plus faible que les autres mat\u00e9riaux<\/p>\n\n\n\n<figure class=\"wp-block-image size-large is-resized\"><img loading=\"lazy\" decoding=\"async\" src=\"https:\/\/groupecomas.com\/wp-content\/uploads\/2020\/10\/Transfert-bacteries-1024x683.png\" alt=\"\" class=\"wp-image-667\" width=\"580\" height=\"386\"\/><figcaption><a href=\"http:\/\/www.emballage-leger-bois.fr\/sites\/emballage-leger-bois.fr\/files\/documents\/Sieldossierdepresseemmabois.pdf\" target=\"_blank\" rel=\"noreferrer noopener\">Source: Emabois<\/a><\/figcaption><\/figure>\n\n\n\n<hr class=\"wp-block-separator\"\/>\n\n\n\n<h2 class=\"wp-block-heading\">Le mat\u00e9riau qui conserve mieux les aliments<\/h2>\n\n\n\n<p>Comme le bois \u00e9vite le d\u00e9veloppement des bact\u00e9ries, les produits alimentaires sont mieux pr\u00e9serv\u00e9s.<\/p>\n\n\n\n<p>De plus, un emballage bois r\u00e9gule l&rsquo;hygrom\u00e9trie tout au long du transport. Un surplus d&rsquo;humidit\u00e9, le bois l&rsquo;absorbe! Une climatisation qui ass\u00e8che tout, le bois rend son eau au produit, comme une v\u00e9ritable cave d&rsquo;affinage!<\/p>\n\n\n\n<p>Evitez le g\u00e2chis alimentaire, passez \u00e0 l&#8217;emballage bois!<\/p>\n\n\n\n<hr class=\"wp-block-separator\"\/>\n\n\n\n<p>Le mat\u00e9riau qui s&rsquo;autod\u00e9truit<\/p>\n\n\n\n<p>Le bois est aujourd&rsquo;hui maltrait\u00e9 dans les fili\u00e8res de recyclage. Pas assez de volume, pas assez de lobby pour pousser derri\u00e8re!<\/p>\n\n\n\n<p>M\u00eame si le bois se transforme rarement en bois (qui est la d\u00e9finition actuelle de la recyclabilit\u00e9), il devient facilement de l&rsquo;\u00e9nergie (votre meilleur ami pour d\u00e9marrer un barbecue) ou du compost!<\/p>\n\n\n\n<p>M\u00eame si le bois n&rsquo;est pas mis dans la bonne poubelle, m\u00eame s&rsquo;il est perdu dans la nature, il s&rsquo;autod\u00e9truira compl\u00e8tement<\/p>\n\n\n\n<figure class=\"wp-block-image size-large is-resized\"><img loading=\"lazy\" decoding=\"async\" src=\"https:\/\/groupecomas.com\/wp-content\/uploads\/2020\/10\/Mission-Impossible.gif\" alt=\"\" class=\"wp-image-668\" width=\"400\" height=\"310\"\/><figcaption>Votre mission, si vous l&rsquo;acceptez&#8230;.<\/figcaption><\/figure>\n\n\n\n<hr class=\"wp-block-separator\"\/>\n\n\n\n<p>PS: le plastique est th\u00e9oriquement recyclable. En France, en 2019, 71% des plastiques ne sont pas recycl\u00e9s (chiffres CITEO). C&rsquo;est un v\u00e9ritable d\u00e9sastre \u00e9cologique.<\/p>\n\n\n\n<p>Opter pour un emballage bois, c&rsquo;est \u00eatre \u00e9co-responsable et agir pour la plan\u00e8te tout en gardant une dimension locale !<\/p>\n","protected":false},"excerpt":{"rendered":"<p>Une mati\u00e8re renouvelable Le bois est utilis\u00e9 depuis des millions d&rsquo;ann\u00e9es. Et il en reste toujours! C&rsquo;est donc une mati\u00e8re durable parce que renouvelable. Nous pouvons le constater gr\u00e2ce aux chiffres actuels en France : La for\u00eat occupe 16,9 millions d&rsquo;hectares en France actuellement, soit 31% du territoire. Les for\u00eats progressent de 85 000 hectares [&hellip;]<\/p>\n","protected":false},"author":2,"featured_media":596,"comment_status":"closed","ping_status":"open","sticky":false,"template":"","format":"standard","meta":{"footnotes":""},"categories":[2],"tags":[18,19,26,29],"class_list":["post-591","post","type-post","status-publish","format-standard","has-post-thumbnail","hentry","category-bois","tag-durable","tag-emballage-bois","tag-peuplier","tag-ressource"],"_links":{"self":[{"href":"https:\/\/www.comas-emballage.fr\/index.php?rest_route=\/wp\/v2\/posts\/591","targetHints":{"allow":["GET"]}}],"collection":[{"href":"https:\/\/www.comas-emballage.fr\/index.php?rest_route=\/wp\/v2\/posts"}],"about":[{"href":"https:\/\/www.comas-emballage.fr\/index.php?rest_route=\/wp\/v2\/types\/post"}],"author":[{"embeddable":true,"href":"https:\/\/www.comas-emballage.fr\/index.php?rest_route=\/wp\/v2\/users\/2"}],"replies":[{"embeddable":true,"href":"https:\/\/www.comas-emballage.fr\/index.php?rest_route=%2Fwp%2Fv2%2Fcomments&post=591"}],"version-history":[{"count":0,"href":"https:\/\/www.comas-emballage.fr\/index.php?rest_route=\/wp\/v2\/posts\/591\/revisions"}],"wp:featuredmedia":[{"embeddable":true,"href":"https:\/\/www.comas-emballage.fr\/index.php?rest_route=\/"}],"wp:attachment":[{"href":"https:\/\/www.comas-emballage.fr\/index.php?rest_route=%2Fwp%2Fv2%2Fmedia&parent=591"}],"wp:term":[{"taxonomy":"category","embeddable":true,"href":"https:\/\/www.comas-emballage.fr\/index.php?rest_route=%2Fwp%2Fv2%2Fcategories&post=591"},{"taxonomy":"post_tag","embeddable":true,"href":"https:\/\/www.comas-emballage.fr\/index.php?rest_route=%2Fwp%2Fv2%2Ftags&post=591"}],"curies":[{"name":"wp","href":"https:\/\/api.w.org\/{rel}","templated":true}]}}